{"id":293,"date":"2021-06-05T17:17:24","date_gmt":"2021-06-05T15:17:24","guid":{"rendered":"https:\/\/sunnu-loft.ritler.ch\/?p=293"},"modified":"2024-06-18T13:40:17","modified_gmt":"2024-06-18T11:40:17","slug":"kurtaxe-gaestekarte","status":"publish","type":"post","link":"https:\/\/sunnu-loft.ch\/fr\/kurtaxe-gaestekarte\/","title":{"rendered":"Taxe de s\u00e9jour \/ Carte d'h\u00f4te"},"content":{"rendered":"<p>La taxe de s\u00e9jour est obligatoire et est per\u00e7ue par la municipalit\u00e9. Vous trouverez de plus amples informations \u00e0 ce sujet sur la page du tourisme du L\u00f6tschental:<\/p>\n<p><a href=\"https:\/\/www.loetschental.ch\/fr\/info-service\/taxe-de-sejour-carte-dhote\">L\u00f6tschental Card et taxe de s\u00e9jour<\/a><\/p>\n<p>Veuillez compl\u00e9ter le pr\u00e9-enregistrement, afin que nous puissions vous envoyer la carte d'h\u00f4te par e-mail avant votre arriv\u00e9e. N'oubliez pas d'inclure <strong>toutes<\/strong> les invit\u00e9s car les cartes sont personnelles:<\/p>\n<p><a href=\"https:\/\/portal.deskline.net\/all\/checkin\/provider\/SAA\/89f28b1c-80fd-4536-b589-8892f389dc51?userId=e72664dc-cc92-4f20-ab0f-0ea7c16d03dd\" target=\"_blank\" rel=\"noopener\">https:\/\/portal.deskline.net\/all\/checkin\/provider\/SAA\/89f28b1c-80fd-4536-b589-8892f389dc51?userId=e72664dc-cc92-4f20-ab0f-0ea7c16d03dd<\/a><\/p>\n<p><a href=\"https:\/\/sunnu-loft.ritler.ch\/wp-content\/uploads\/2021\/06\/Precheckin.png\"><img loading=\"lazy\" decoding=\"async\" class=\"alignnone size-full wp-image-356\" src=\"https:\/\/sunnu-loft.ritler.ch\/wp-content\/uploads\/2021\/06\/Precheckin.png\" alt=\"\" width=\"1024\" height=\"197\" srcset=\"https:\/\/sunnu-loft.ch\/wp-content\/uploads\/2021\/06\/Precheckin.png 1024w, https:\/\/sunnu-loft.ch\/wp-content\/uploads\/2021\/06\/Precheckin-300x58.png 300w, https:\/\/sunnu-loft.ch\/wp-content\/uploads\/2021\/06\/Precheckin-768x148.png 768w, https:\/\/sunnu-loft.ch\/wp-content\/uploads\/2021\/06\/Precheckin-16x3.png 16w\" sizes=\"auto, (max-width: 1024px) 100vw, 1024px\" \/><\/a><\/p>","protected":false},"excerpt":{"rendered":"<p>Informations sur la taxe de s\u00e9jour et le pr\u00e9-enregistrement.<\/p>","protected":false},"author":1,"featured_media":733,"comment_status":"closed","ping_status":"closed","sticky":false,"template":"","format":"standard","meta":{"footnotes":""},"categories":[1],"tags":[],"class_list":["post-293","post","type-post","status-publish","format-standard","has-post-thumbnail","hentry","category-allgemein","pt-post-wrap"],"_links":{"self":[{"href":"https:\/\/sunnu-loft.ch\/fr\/wp-json\/wp\/v2\/posts\/293","targetHints":{"allow":["GET"]}}],"collection":[{"href":"https:\/\/sunnu-loft.ch\/fr\/wp-json\/wp\/v2\/posts"}],"about":[{"href":"https:\/\/sunnu-loft.ch\/fr\/wp-json\/wp\/v2\/types\/post"}],"author":[{"embeddable":true,"href":"https:\/\/sunnu-loft.ch\/fr\/wp-json\/wp\/v2\/users\/1"}],"replies":[{"embeddable":true,"href":"https:\/\/sunnu-loft.ch\/fr\/wp-json\/wp\/v2\/comments?post=293"}],"version-history":[{"count":14,"href":"https:\/\/sunnu-loft.ch\/fr\/wp-json\/wp\/v2\/posts\/293\/revisions"}],"predecessor-version":[{"id":956,"href":"https:\/\/sunnu-loft.ch\/fr\/wp-json\/wp\/v2\/posts\/293\/revisions\/956"}],"wp:featuredmedia":[{"embeddable":true,"href":"https:\/\/sunnu-loft.ch\/fr\/wp-json\/wp\/v2\/media\/733"}],"wp:attachment":[{"href":"https:\/\/sunnu-loft.ch\/fr\/wp-json\/wp\/v2\/media?parent=293"}],"wp:term":[{"taxonomy":"category","embeddable":true,"href":"https:\/\/sunnu-loft.ch\/fr\/wp-json\/wp\/v2\/categories?post=293"},{"taxonomy":"post_tag","embeddable":true,"href":"https:\/\/sunnu-loft.ch\/fr\/wp-json\/wp\/v2\/tags?post=293"}],"curies":[{"name":"wp","href":"https:\/\/api.w.org\/{rel}","templated":true}]}}